[{"@context":"https:\/\/schema.org\/","@type":"Article","@id":"https:\/\/www.liver.cz\/vseobecny-prehled\/#Article","mainEntityOfPage":"https:\/\/www.liver.cz\/vseobecny-prehled\/","headline":"V\u0161eobecn\u00fd p\u0159ehled","name":"V\u0161eobecn\u00fd p\u0159ehled","description":"Ve \u0161kole nejnudn\u011bj\u0161\u00ed \u010d\u00e1st v\u00fduky, v\u00a0\u017eivot\u011b nejpot\u0159ebn\u011bj\u0161\u00ed pro konverzaci. Cel\u00fd \u017eivot si vytv\u00e1\u0159\u00edme v\u0161eobecn\u00fd p\u0159ehled. Na z\u00e1kladce n\u00e1s nau\u010d\u00ed historii, n\u011bco se dozv\u00edme v\u00a0ob\u010dance, dal\u0161\u00ed v\u011bci do n\u00e1s nacpou na zem\u011bpisu a p\u0159\u00edrodopisu a \u010de\u0161tina<a class=\"read-more\" href=\"https:\/\/www.liver.cz\/vseobecny-prehled\/\">Continue reading<\/a>","datePublished":"2023-04-28","dateModified":"2023-04-28","author":{"@type":"Person","@id":"https:\/\/www.liver.cz\/author\/#Person","name":"liver.cz\n","url":"https:\/\/www.liver.cz\/author\/","identifier":1,"image":{"@type":"ImageObject","@id":"https:\/\/secure.gravatar.com\/avatar\/65248d4269af31fa3fa693ee3fd479d0960b985d370ed586e59378332be7a3ce?s=96&d=mm&r=g","url":"https:\/\/secure.gravatar.com\/avatar\/65248d4269af31fa3fa693ee3fd479d0960b985d370ed586e59378332be7a3ce?s=96&d=mm&r=g","height":96,"width":96}},"publisher":{"@type":"Organization","name":"liver.cz","logo":{"@type":"ImageObject","@id":"\/logo.png","url":"\/logo.png","width":600,"height":60}},"url":"https:\/\/www.liver.cz\/vseobecny-prehled\/","about":["Vzd\u011bl\u00e1n\u00ed"],"wordCount":495,"articleBody":"Ve \u0161kole nejnudn\u011bj\u0161\u00ed \u010d\u00e1st v\u00fduky, v\u00a0\u017eivot\u011b nejpot\u0159ebn\u011bj\u0161\u00ed pro konverzaci. Cel\u00fd \u017eivot si vytv\u00e1\u0159\u00edme v\u0161eobecn\u00fd p\u0159ehled. Na z\u00e1kladce n\u00e1s nau\u010d\u00ed historii, n\u011bco se dozv\u00edme v\u00a0ob\u010dance, dal\u0161\u00ed v\u011bci do n\u00e1s nacpou na zem\u011bpisu a p\u0159\u00edrodopisu a \u010de\u0161tina to zavr\u0161\u00ed. A skoro v\u0161echny ty d\u011bti t\u00e1mhle v\u00a0lavic\u00edch si mysl\u00ed p\u0159esn\u011b tu samou v\u011btu.\u201eK \u010demu tohle sakra vyu\u017eiju?\u201cJen\u017ee co se jev\u00ed jako nudn\u00fd monolog u\u010ditele se jednou m\u016f\u017ee hodit, abychom se neztrapnili, kdy\u017e nev\u00edme, kde se nach\u00e1z\u00ed t\u0159eba Polsko, jak\u00fd rozd\u00edl je mezi savcem a rybou, nebo kdo byl na\u0161\u00edm prvn\u00edm prezidentem.N\u011bkdy je to ku pl\u00e1\u010di, kdy\u017e se v\u00a0televizi dozv\u00edte, \u017ee vaje\u010dn\u00e1 sko\u0159\u00e1pka v j\u00eddle v\u00e1m m\u016f\u017ee vylomit zub, nebo vid\u00edte \u010dlov\u011bka uva\u017eovat nad t\u00edm, z\u00a0\u010deho je asi r\u00fd\u017eov\u00e9 ml\u00e9ko.V\u0161eobecn\u00fd p\u0159ehled je d\u016fle\u017eit\u00fd stejn\u011b jako cokoli jin\u00e9ho, av\u0161ak pr\u00e1v\u011b jeho nedostatek n\u00e1s m\u016f\u017ee p\u0159iv\u00e9st do trapn\u00fdch situac\u00ed, kdy lid\u00e9 p\u0159em\u00fd\u0161l\u00ed, jestli to, co jsme \u0159ekli je my\u0161leno v\u00e1\u017en\u011b, nebo to byl vtip.V\u00a0dne\u0161n\u00edm sv\u011btem h\u00fdbou spole\u010dnost\u00ed ur\u010dit\u00e1 t\u00e9mata:&#8211;\u00a0\u00a0\u00a0\u00a0\u00a0\u00a0\u00a0\u00a0\u00a0 Filmy, seri\u00e1ly&#8211;\u00a0\u00a0\u00a0\u00a0\u00a0\u00a0\u00a0\u00a0\u00a0 Slavn\u00e9 osobnosti: zp\u011bv\u00e1ci, zp\u011bva\u010dky, herci, here\u010dky a dal\u0161\u00ed, pak jejich d\u011bti, man\u017eel\u00e9, milenci a milenky, oble\u010den\u00ed, chov\u00e1n\u00ed, auta, p\u0159e\u0161lapy, d\u016fm \u010di byt, fotky, chov\u00e1n\u00ed, v\u00fdroky\u2026&#8211;\u00a0\u00a0\u00a0\u00a0\u00a0\u00a0\u00a0\u00a0\u00a0 J\u00eddlo: maso\u017eravci, v\u0161e\u017eravci, pescetari\u00e1ni, lakto-ovo vegetai\u00e1ni, vegani, vitari\u00e1ni, semivegetari\u00e1ni, frutari\u00e1ni, paleotici, celiatici\u2026 &#8211; a o v\u0161em se d\u00e1 dlouze debatovat&#8211;\u00a0\u00a0\u00a0\u00a0\u00a0\u00a0\u00a0\u00a0\u00a0 Pen\u00edze&#8211;\u00a0\u00a0\u00a0\u00a0\u00a0\u00a0\u00a0\u00a0\u00a0 Zna\u010dky \u2013 aut, benz\u00ednu, oble\u010den\u00ed, \u0161minek, prost\u011b v\u0161eho, co na sob\u011b zna\u010dku m\u00e1&#8211;\u00a0\u00a0\u00a0\u00a0\u00a0\u00a0\u00a0\u00a0\u00a0 V\u00fdchova d\u00edt\u011bte \u2013 okruh lid\u00ed debatuj\u00edc\u00ed na toto t\u00e9ma se v\u00a0posledn\u00edch letech prudce zvy\u0161uje&#8211;\u00a0\u00a0\u00a0\u00a0\u00a0\u00a0\u00a0\u00a0\u00a0 Politika \u2013 ale ta h\u00fdbe spole\u010dnost\u00ed snad v\u00a0ka\u017ed\u00e9 dob\u011b&#8211;\u00a0\u00a0\u00a0\u00a0\u00a0\u00a0\u00a0\u00a0\u00a0 N\u00e1zor \u2013 n\u00e1zor na to \u010di ono, je d\u016fle\u017eit\u00e9 ho m\u00edt, proto\u017ee pak se o n\u011bm d\u00e1 s\u00a0n\u011bk\u00fdm mluvit. Pokud naraz\u00edte s\u00a0n\u011bk\u00fdm na spole\u010dn\u00e9 t\u00e9ma, m\u016f\u017ee vzniknout konverzace a ta se p\u0159el\u00edt a\u017e do dlouholet\u00e9ho p\u0159\u00e1telstv\u00ed.M\u00e1me internet, m\u00e1me knihy, m\u00e1me kolem sebe neskute\u010dn\u011b mnoho lid\u00ed a zdroj\u016f. U\u010dit se m\u016f\u017eeme ze v\u0161ech. Nemus\u00ed to nutn\u011b b\u00fdt ono n\u00e1siln\u00e9 drcen\u00ed, kter\u00e9 zn\u00e1me ze \u0161koly, ale p\u0159\u00edjemn\u00e9 posezen\u00ed u \u010dasopisu, nebo internetu, kdy se dozv\u00edte n\u011bco nov\u00e9ho a budete si o tom moci zase s\u00a0n\u011bk\u00fdm popov\u00eddat, proto\u017ee nic neomrz\u00ed tak, jako po\u0159\u00e1d dokola om\u00edlan\u00e1 t\u00e9mata.                                                                                                                                                                                                                                                                                                                                                                                        4.5\/5 - (6 votes)        "},{"@context":"https:\/\/schema.org\/","@type":"BreadcrumbList","itemListElement":[{"@type":"ListItem","position":1,"name":"V\u0161eobecn\u00fd p\u0159ehled","item":"https:\/\/www.liver.cz\/vseobecny-prehled\/#breadcrumbitem"}]}]