[{"@context":"https:\/\/schema.org\/","@type":"Article","@id":"https:\/\/www.liver.cz\/kdy-je-idealni-doba-na-zalozeni-rodiny\/#Article","mainEntityOfPage":"https:\/\/www.liver.cz\/kdy-je-idealni-doba-na-zalozeni-rodiny\/","headline":"Kdy je ide\u00e1ln\u00ed doba na zalo\u017een\u00ed rodiny?","name":"Kdy je ide\u00e1ln\u00ed doba na zalo\u017een\u00ed rodiny?","description":"Existuje v\u016fbec nejlep\u0161\u00ed v\u011bk, nejlep\u0161\u00ed v\u00fd\u0161e p\u0159\u00edjmu a nejlep\u0161\u00ed soci\u00e1ln\u00ed z\u00e1zem\u00ed? V\u00a0dne\u0161n\u00ed dob\u011b se v\u011bk prvorodi\u010dek st\u00e1le zvy\u0161uje. Podle den\u00edku T\u00fdden leto\u0161n\u00ed rok p\u0159es\u00e1hl pr\u016fm\u011brn\u00fd v\u011bk prvorodi\u010dek t\u0159icet let. Nep\u0159ijde V\u00e1m, \u017ee na prvn\u00ed d\u00edt\u011b<a class=\"read-more\" href=\"https:\/\/www.liver.cz\/kdy-je-idealni-doba-na-zalozeni-rodiny\/\">Continue reading<\/a>","datePublished":"2025-02-27","dateModified":"2023-04-28","author":{"@type":"Person","@id":"https:\/\/www.liver.cz\/author\/#Person","name":"liver.cz\n","url":"https:\/\/www.liver.cz\/author\/","identifier":1,"image":{"@type":"ImageObject","@id":"https:\/\/secure.gravatar.com\/avatar\/65248d4269af31fa3fa693ee3fd479d0960b985d370ed586e59378332be7a3ce?s=96&d=mm&r=g","url":"https:\/\/secure.gravatar.com\/avatar\/65248d4269af31fa3fa693ee3fd479d0960b985d370ed586e59378332be7a3ce?s=96&d=mm&r=g","height":96,"width":96}},"publisher":{"@type":"Organization","name":"liver.cz","logo":{"@type":"ImageObject","@id":"\/logo.png","url":"\/logo.png","width":600,"height":60}},"image":{"@type":"ImageObject","@id":"https:\/\/www.liver.cz\/wp-content\/uploads\/img_a302736_w1941_t1512646942.jpg","url":"https:\/\/www.liver.cz\/wp-content\/uploads\/img_a302736_w1941_t1512646942.jpg","height":0,"width":0},"url":"https:\/\/www.liver.cz\/kdy-je-idealni-doba-na-zalozeni-rodiny\/","about":["D\u011bti"],"wordCount":435,"articleBody":"Existuje v\u016fbec nejlep\u0161\u00ed v\u011bk, nejlep\u0161\u00ed v\u00fd\u0161e p\u0159\u00edjmu a nejlep\u0161\u00ed soci\u00e1ln\u00ed z\u00e1zem\u00ed? V\u00a0dne\u0161n\u00ed dob\u011b se v\u011bk prvorodi\u010dek st\u00e1le zvy\u0161uje. Podle den\u00edku T\u00fdden leto\u0161n\u00ed rok p\u0159es\u00e1hl pr\u016fm\u011brn\u00fd v\u011bk prvorodi\u010dek t\u0159icet let. Nep\u0159ijde V\u00e1m, \u017ee na prvn\u00ed d\u00edt\u011b po t\u0159ic\u00edtce u\u017e je trochu dlouho?Dle m\u00e9ho n\u00e1zoru je v\u011bk t\u0159icet let velmi vysok\u00fd na po\u0159\u00edzen\u00ed prvn\u00edho d\u00edt\u011bte. Ide\u00e1ln\u00ed v\u011bk je sp\u00ed\u0161e p\u011btadvacet let, nebo\u0165 \u017eena je neplodn\u011bj\u0161\u00ed ve v\u011bku od osmn\u00e1cti do \u0161estadvaceti let. Kolem t\u0159ic\u00edtky u\u017e je t\u011blo star\u0161\u00ed a t\u00edm se tak\u00e9 zvy\u0161uje riziko neplodnosti a po\u010dtu um\u011bl\u00fdch oplodn\u011bn\u00ed. Bohu\u017eel v\u011bk prvorodi\u010dek st\u00e1le stoup\u00e1. Je to zp\u016fsobeno t\u00edm, \u017ee je mnoho mo\u017enost\u00ed studovat vysokou \u0161kolu a n\u011bkter\u00e9 obory se studuj\u00ed i p\u011bt let, pot\u00e9 v\u011bt\u0161ina \u017een, chce nastoupit od pr\u00e1ce a z\u00edskat praxi ve vystudovan\u00e9m oboru a budovat kari\u00e9ru, tud\u00ed\u017e se zalo\u017een\u00ed rodiny posouv\u00e1 a\u017e k\u00a0pr\u00e1v\u011b zmi\u0148ovan\u00e9 t\u0159ic\u00edtce.\u017deny a mu\u017ei si cht\u011bj\u00ed tak\u00e9 hodn\u011b u\u017e\u00edvat, hodn\u011b lid\u00ed chce procestovat sv\u011bt. Cht\u011bj\u00ed se bavit a d\u011bti by jim v\u00a0tom \u201ep\u0159ek\u00e1\u017eeli\u201c. Pak nast\u00e1vaj\u00ed tak\u00e9 finan\u010dn\u00ed probl\u00e9my. Hodn\u011b lid\u00ed \u010dek\u00e1, a\u017e bude m\u00edt ide\u00e1ln\u00ed sumu na \u00fa\u010dtu a postavenou vilu s\u00a0baz\u00e9nem a pak teprve pl\u00e1nuj\u00ed rodinu. Ch\u00e1pu, \u017ee d\u011bti jsou n\u00e1ro\u010dn\u00e9 a ka\u017ed\u00fd rodi\u010d jim chce dop\u0159\u00e1t to nejlep\u0161\u00ed, je ale nutn\u00e9 m\u00edt \u00fapln\u011b v\u0161echno? Budujete, budujete a najednou se probud\u00edte a je V\u00e1m \u010dty\u0159icet a zji\u0161\u0165ujete, \u017ee m\u00e1te sice kr\u00e1sn\u00fd d\u016fm, prvot\u0159\u00eddn\u00ed auto, ale nem\u00e1te to nejcenn\u011bj\u0161\u00ed.Nem\u00e1te rodinu, kterou m\u016f\u017eete milovat. Po tom kr\u00e1sn\u00e9m, luxusn\u00edm dom\u011b V\u00e1m neb\u011bhaj\u00ed d\u011bti a kolikr\u00e1t nem\u00e1te ani partnera. A tak za\u010dnete honem rychle \u0159e\u0161it.\u00a0 Rychle naj\u00ed ide\u00e1ln\u00edho partnera a co nejd\u0159\u00edve si s\u00a0n\u00edm po\u0159\u00eddit d\u00edt\u011b, abyste nez\u016fstali do konce \u017eivota sami. L\u00edbila se mi doba, kdy se d\u00edvky vd\u00e1vali v\u00a0osmn\u00e1cti, v\u00a0hodn\u011b p\u0159\u00edpadech u\u017e t\u011bhotn\u00e9. Dle m\u00e9ho n\u00e1zoru mlad\u00ed lid\u00e9 maj\u00ed m\u00edt mal\u00e9 d\u011bti. A tak nen\u00ed \u010das ot\u00e1let.                                                                                                                                                                                                                                                                                                                                                                                        4.2\/5 - (9 votes)        "},{"@context":"https:\/\/schema.org\/","@type":"BreadcrumbList","itemListElement":[{"@type":"ListItem","position":1,"name":"Kdy je ide\u00e1ln\u00ed doba na zalo\u017een\u00ed rodiny?","item":"https:\/\/www.liver.cz\/kdy-je-idealni-doba-na-zalozeni-rodiny\/#breadcrumbitem"}]}]